{"id":694,"date":"2022-06-02T12:01:35","date_gmt":"2022-06-02T10:01:35","guid":{"rendered":"https:\/\/www.stinajuliawebb.se\/?p=694"},"modified":"2022-06-02T12:02:03","modified_gmt":"2022-06-02T10:02:03","slug":"varderingsdrivet-foretagande-gar-det","status":"publish","type":"post","link":"https:\/\/www.stinajuliawebb.se\/es\/varderingsdrivet-foretagande-gar-det\/","title":{"rendered":"V\u00e4rderingsdrivet f\u00f6retagande &#8211; g\u00e5r det?"},"content":{"rendered":"<p><strong>G\u00e5r det att kombinera f\u00f6retagande med att ha sin drivkraft i sina v\u00e4rderingar? Det \u00e4r n\u00e5got som jag sj\u00e4lv h\u00e5ller p\u00e5 att utforska. Vi blir fler och fler som under de senaste \u00e5ren har insett att vi lever i en v\u00e4rld som inte \u00e4r h\u00e5llbar och att vi m\u00e5ste f\u00f6r\u00e4ndra v\u00e5ra samh\u00e4llen p\u00e5 djupet. Samtidigt har vi kanske utbildningar och erfarenheter som inte sj\u00e4lvklart  bidrar till omst\u00e4llningen.<\/strong><\/p>\n\n\n\n<div class=\"wp-block-image\"><figure class=\"alignright size-large is-resized\"><img fetchpriority=\"high\" decoding=\"async\" src=\"https:\/\/www.stinajuliawebb.se\/wp-content\/uploads\/2021\/06\/aaron-blanco-tejedor-b8Mwo34avAo-unsplash-1024x678.jpg\" alt=\"\" class=\"wp-image-737\" width=\"400\" height=\"265\" srcset=\"https:\/\/www.stinajuliawebb.se\/wp-content\/uploads\/2021\/06\/aaron-blanco-tejedor-b8Mwo34avAo-unsplash-1024x678.jpg 1024w, https:\/\/www.stinajuliawebb.se\/wp-content\/uploads\/2021\/06\/aaron-blanco-tejedor-b8Mwo34avAo-unsplash-300x199.jpg 300w, https:\/\/www.stinajuliawebb.se\/wp-content\/uploads\/2021\/06\/aaron-blanco-tejedor-b8Mwo34avAo-unsplash-768x509.jpg 768w, https:\/\/www.stinajuliawebb.se\/wp-content\/uploads\/2021\/06\/aaron-blanco-tejedor-b8Mwo34avAo-unsplash-1536x1017.jpg 1536w, https:\/\/www.stinajuliawebb.se\/wp-content\/uploads\/2021\/06\/aaron-blanco-tejedor-b8Mwo34avAo-unsplash-2048x1356.jpg 2048w\" sizes=\"(max-width: 400px) 100vw, 400px\" \/><\/figure><\/div>\n\n\n\n<p>Det \u00e4r inte helt l\u00e4tt att f\u00f6rst\u00e5 hur jag som webbdesigner ska kunna bidra till att g\u00f6ra v\u00e4rlden b\u00e4ttre. Det \u00e4r n\u00e5got jag har brottats mycket med i takt med att klimat\u00e5ngesten v\u00e4xt sig starkare. Webbdesign h\u00e4nger t\u00e4tt ihop med marknadsf\u00f6ring som m\u00e5nga f\u00f6retag anv\u00e4nder f\u00f6r att f\u00e5 oss att forts\u00e4tta konsumera oh\u00e5llbart.<\/p>\n\n\n\n<p>Men det finns ocks\u00e5 andra slags f\u00f6retag! Kreativa och h\u00e5llbara f\u00f6retag som brinner f\u00f6r n\u00e5got p\u00e5 riktigt och vill g\u00f6ra sin grej utan att \u00f6verutnyttja och f\u00f6rst\u00f6ra. Ja, det finns i sj\u00e4lva verket m\u00e5nga v\u00e4rderingsdrivna entrepren\u00f6rer d\u00e4rute som genuint vill bidra och g\u00f6ra v\u00e4rlden b\u00e4ttre. <\/p>\n\n\n\n<p>S\u00e5 vad kan en sm\u00e5tt vilsen webbdesigner med klimat\u00e5ngest g\u00f6ra? Hoppa av ekorrhjulet och engagera mig ideellt blev mitt f\u00f6rsta steg. Starta f\u00f6retag och rikta mig mot genuina, kreativa och h\u00e5llbara f\u00f6retag \u00e4r det andra steget. Jag vill bidra till att sm\u00e5 f\u00f6retag med stort hj\u00e4rta blir synliga, s\u00e5 att de i sin tur kan bidra till en vackrare v\u00e4rld. <\/p>","protected":false},"excerpt":{"rendered":"<p>G\u00e5r det att kombinera f\u00f6retagande med att ha sin drivkraft i sina v\u00e4rderingar? Det \u00e4r n\u00e5got som jag sj\u00e4lv h\u00e5ller p\u00e5 att utforska. Vi blir fler och fler som under de senaste \u00e5ren har insett att vi lever i en v\u00e4rld som inte \u00e4r h\u00e5llbar och att vi m\u00e5ste f\u00f6r\u00e4ndra v\u00e5ra samh\u00e4llen p\u00e5 djupet. Samtidigt &hellip;<\/p>\n<p class=\"read-more\"> <a class=\"\" href=\"https:\/\/www.stinajuliawebb.se\/es\/varderingsdrivet-foretagande-gar-det\/\"> <span class=\"screen-reader-text\">V\u00e4rderingsdrivet f\u00f6retagande &#8211; g\u00e5r det?<\/span> Leer m\u00e1s &raquo;<\/a><\/p>","protected":false},"author":1,"featured_media":0,"comment_status":"open","ping_status":"open","sticky":false,"template":"","format":"standard","meta":{"site-sidebar-layout":"default","site-content-layout":"default","ast-global-header-display":"","ast-banner-title-visibility":"","ast-main-header-display":"","ast-hfb-above-header-display":"","ast-hfb-below-header-display":"","ast-hfb-mobile-header-display":"","site-post-title":"","ast-breadcrumbs-content":"","ast-featured-img":"","footer-sml-layout":"","theme-transparent-header-meta":"default","adv-header-id-meta":"","stick-header-meta":"","header-above-stick-meta":"","header-main-stick-meta":"","header-below-stick-meta":"","footnotes":""},"categories":[1],"tags":[],"class_list":["post-694","post","type-post","status-publish","format-standard","hentry","category-okategoriserade"],"yoast_head":"<!-- This site is optimized with the Yoast SEO plugin v20.7 - https:\/\/yoast.com\/wordpress\/plugins\/seo\/ -->\n<title>V\u00e4rderingsdrivet f\u00f6retagande - g\u00e5r det? - Stina Julia Virtuell assistent<\/title>\n<meta name=\"description\" content=\"G\u00e5r det att kombinera f\u00f6retagande med att ha sin drivkraft i sina v\u00e4rderingar? Det \u00e4r n\u00e5got som jag sj\u00e4lv h\u00e5ller p\u00e5 att utforska.\" \/>\n<meta name=\"robots\" content=\"index, follow, max-snippet:-1, max-image-preview:large, max-video-preview:-1\" \/>\n<link rel=\"canonical\" href=\"https:\/\/www.stinajuliawebb.se\/es\/varderingsdrivet-foretagande-gar-det\/\" \/>\n<meta property=\"og:locale\" content=\"es_ES\" \/>\n<meta property=\"og:type\" content=\"article\" \/>\n<meta property=\"og:title\" content=\"V\u00e4rderingsdrivet f\u00f6retagande - g\u00e5r det? - Stina Julia Virtuell assistent\" \/>\n<meta property=\"og:description\" content=\"G\u00e5r det att kombinera f\u00f6retagande med att ha sin drivkraft i sina v\u00e4rderingar? Det \u00e4r n\u00e5got som jag sj\u00e4lv h\u00e5ller p\u00e5 att utforska.\" \/>\n<meta property=\"og:url\" content=\"https:\/\/www.stinajuliawebb.se\/es\/varderingsdrivet-foretagande-gar-det\/\" \/>\n<meta property=\"og:site_name\" content=\"Stina Julia Virtuell assistent\" \/>\n<meta property=\"article:published_time\" content=\"2022-06-02T10:01:35+00:00\" \/>\n<meta property=\"article:modified_time\" content=\"2022-06-02T10:02:03+00:00\" \/>\n<meta property=\"og:image\" content=\"https:\/\/www.stinajuliawebb.se\/wp-content\/uploads\/2021\/06\/aaron-blanco-tejedor-b8Mwo34avAo-unsplash-1024x678.jpg\" \/>\n<meta name=\"author\" content=\"stina\" \/>\n<meta name=\"twitter:card\" content=\"summary_large_image\" \/>\n<meta name=\"twitter:label1\" content=\"Escrito por\" \/>\n\t<meta name=\"twitter:data1\" content=\"stina\" \/>\n\t<meta name=\"twitter:label2\" content=\"Tiempo de lectura\" \/>\n\t<meta name=\"twitter:data2\" content=\"2 minutos\" \/>\n<script type=\"application\/ld+json\" class=\"yoast-schema-graph\">{\"@context\":\"https:\/\/schema.org\",\"@graph\":[{\"@type\":\"Article\",\"@id\":\"https:\/\/www.stinajuliawebb.se\/varderingsdrivet-foretagande-gar-det\/#article\",\"isPartOf\":{\"@id\":\"https:\/\/www.stinajuliawebb.se\/varderingsdrivet-foretagande-gar-det\/\"},\"author\":{\"name\":\"stina\",\"@id\":\"https:\/\/www.stinajuliawebb.se\/#\/schema\/person\/d9f026e084771a8e390fd5ae23d493fc\"},\"headline\":\"V\u00e4rderingsdrivet f\u00f6retagande &#8211; g\u00e5r det?\",\"datePublished\":\"2022-06-02T10:01:35+00:00\",\"dateModified\":\"2022-06-02T10:02:03+00:00\",\"mainEntityOfPage\":{\"@id\":\"https:\/\/www.stinajuliawebb.se\/varderingsdrivet-foretagande-gar-det\/\"},\"wordCount\":291,\"commentCount\":0,\"publisher\":{\"@id\":\"https:\/\/www.stinajuliawebb.se\/#organization\"},\"articleSection\":[\"Blogg\"],\"inLanguage\":\"es\",\"potentialAction\":[{\"@type\":\"CommentAction\",\"name\":\"Comment\",\"target\":[\"https:\/\/www.stinajuliawebb.se\/varderingsdrivet-foretagande-gar-det\/#respond\"]}]},{\"@type\":\"WebPage\",\"@id\":\"https:\/\/www.stinajuliawebb.se\/varderingsdrivet-foretagande-gar-det\/\",\"url\":\"https:\/\/www.stinajuliawebb.se\/varderingsdrivet-foretagande-gar-det\/\",\"name\":\"V\u00e4rderingsdrivet f\u00f6retagande - g\u00e5r det? - Stina Julia Virtuell assistent\",\"isPartOf\":{\"@id\":\"https:\/\/www.stinajuliawebb.se\/#website\"},\"datePublished\":\"2022-06-02T10:01:35+00:00\",\"dateModified\":\"2022-06-02T10:02:03+00:00\",\"description\":\"G\u00e5r det att kombinera f\u00f6retagande med att ha sin drivkraft i sina v\u00e4rderingar? Det \u00e4r n\u00e5got som jag sj\u00e4lv h\u00e5ller p\u00e5 att utforska.\",\"breadcrumb\":{\"@id\":\"https:\/\/www.stinajuliawebb.se\/varderingsdrivet-foretagande-gar-det\/#breadcrumb\"},\"inLanguage\":\"es\",\"potentialAction\":[{\"@type\":\"ReadAction\",\"target\":[\"https:\/\/www.stinajuliawebb.se\/varderingsdrivet-foretagande-gar-det\/\"]}]},{\"@type\":\"BreadcrumbList\",\"@id\":\"https:\/\/www.stinajuliawebb.se\/varderingsdrivet-foretagande-gar-det\/#breadcrumb\",\"itemListElement\":[{\"@type\":\"ListItem\",\"position\":1,\"name\":\"Hem\",\"item\":\"https:\/\/www.stinajuliawebb.se\/\"},{\"@type\":\"ListItem\",\"position\":2,\"name\":\"V\u00e4rderingsdrivet f\u00f6retagande &#8211; g\u00e5r det?\"}]},{\"@type\":\"WebSite\",\"@id\":\"https:\/\/www.stinajuliawebb.se\/#website\",\"url\":\"https:\/\/www.stinajuliawebb.se\/\",\"name\":\"Stina Julia Webbdesign\",\"description\":\"\",\"publisher\":{\"@id\":\"https:\/\/www.stinajuliawebb.se\/#organization\"},\"potentialAction\":[{\"@type\":\"SearchAction\",\"target\":{\"@type\":\"EntryPoint\",\"urlTemplate\":\"https:\/\/www.stinajuliawebb.se\/?s={search_term_string}\"},\"query-input\":\"required name=search_term_string\"}],\"inLanguage\":\"es\"},{\"@type\":\"Organization\",\"@id\":\"https:\/\/www.stinajuliawebb.se\/#organization\",\"name\":\"Stina Julia Webbdesign\",\"url\":\"https:\/\/www.stinajuliawebb.se\/\",\"logo\":{\"@type\":\"ImageObject\",\"inLanguage\":\"es\",\"@id\":\"https:\/\/www.stinajuliawebb.se\/#\/schema\/logo\/image\/\",\"url\":\"https:\/\/www.stinajuliawebb.se\/wp-content\/uploads\/2020\/08\/logga_stinajulia.png\",\"contentUrl\":\"https:\/\/www.stinajuliawebb.se\/wp-content\/uploads\/2020\/08\/logga_stinajulia.png\",\"width\":243,\"height\":81,\"caption\":\"Stina Julia Webbdesign\"},\"image\":{\"@id\":\"https:\/\/www.stinajuliawebb.se\/#\/schema\/logo\/image\/\"}},{\"@type\":\"Person\",\"@id\":\"https:\/\/www.stinajuliawebb.se\/#\/schema\/person\/d9f026e084771a8e390fd5ae23d493fc\",\"name\":\"stina\",\"image\":{\"@type\":\"ImageObject\",\"inLanguage\":\"es\",\"@id\":\"https:\/\/www.stinajuliawebb.se\/#\/schema\/person\/image\/\",\"url\":\"https:\/\/secure.gravatar.com\/avatar\/89c0940937dbc750eeb424e61a2848e78d8dcc0ff21237df33b75669d1fc47c6?s=96&d=mm&r=g\",\"contentUrl\":\"https:\/\/secure.gravatar.com\/avatar\/89c0940937dbc750eeb424e61a2848e78d8dcc0ff21237df33b75669d1fc47c6?s=96&d=mm&r=g\",\"caption\":\"stina\"}}]}<\/script>\n<!-- \/ Yoast SEO plugin. -->","yoast_head_json":{"title":"V\u00e4rderingsdrivet f\u00f6retagande - g\u00e5r det? - Stina Julia Virtuell assistent","description":"G\u00e5r det att kombinera f\u00f6retagande med att ha sin drivkraft i sina v\u00e4rderingar? Det \u00e4r n\u00e5got som jag sj\u00e4lv h\u00e5ller p\u00e5 att utforska.","robots":{"index":"index","follow":"follow","max-snippet":"max-snippet:-1","max-image-preview":"max-image-preview:large","max-video-preview":"max-video-preview:-1"},"canonical":"https:\/\/www.stinajuliawebb.se\/es\/varderingsdrivet-foretagande-gar-det\/","og_locale":"es_ES","og_type":"article","og_title":"V\u00e4rderingsdrivet f\u00f6retagande - g\u00e5r det? - Stina Julia Virtuell assistent","og_description":"G\u00e5r det att kombinera f\u00f6retagande med att ha sin drivkraft i sina v\u00e4rderingar? Det \u00e4r n\u00e5got som jag sj\u00e4lv h\u00e5ller p\u00e5 att utforska.","og_url":"https:\/\/www.stinajuliawebb.se\/es\/varderingsdrivet-foretagande-gar-det\/","og_site_name":"Stina Julia Virtuell assistent","article_published_time":"2022-06-02T10:01:35+00:00","article_modified_time":"2022-06-02T10:02:03+00:00","og_image":[{"url":"https:\/\/www.stinajuliawebb.se\/wp-content\/uploads\/2021\/06\/aaron-blanco-tejedor-b8Mwo34avAo-unsplash-1024x678.jpg"}],"author":"stina","twitter_card":"summary_large_image","twitter_misc":{"Escrito por":"stina","Tiempo de lectura":"2 minutos"},"schema":{"@context":"https:\/\/schema.org","@graph":[{"@type":"Article","@id":"https:\/\/www.stinajuliawebb.se\/varderingsdrivet-foretagande-gar-det\/#article","isPartOf":{"@id":"https:\/\/www.stinajuliawebb.se\/varderingsdrivet-foretagande-gar-det\/"},"author":{"name":"stina","@id":"https:\/\/www.stinajuliawebb.se\/#\/schema\/person\/d9f026e084771a8e390fd5ae23d493fc"},"headline":"V\u00e4rderingsdrivet f\u00f6retagande &#8211; g\u00e5r det?","datePublished":"2022-06-02T10:01:35+00:00","dateModified":"2022-06-02T10:02:03+00:00","mainEntityOfPage":{"@id":"https:\/\/www.stinajuliawebb.se\/varderingsdrivet-foretagande-gar-det\/"},"wordCount":291,"commentCount":0,"publisher":{"@id":"https:\/\/www.stinajuliawebb.se\/#organization"},"articleSection":["Blogg"],"inLanguage":"es","potentialAction":[{"@type":"CommentAction","name":"Comment","target":["https:\/\/www.stinajuliawebb.se\/varderingsdrivet-foretagande-gar-det\/#respond"]}]},{"@type":"WebPage","@id":"https:\/\/www.stinajuliawebb.se\/varderingsdrivet-foretagande-gar-det\/","url":"https:\/\/www.stinajuliawebb.se\/varderingsdrivet-foretagande-gar-det\/","name":"V\u00e4rderingsdrivet f\u00f6retagande - g\u00e5r det? - Stina Julia Virtuell assistent","isPartOf":{"@id":"https:\/\/www.stinajuliawebb.se\/#website"},"datePublished":"2022-06-02T10:01:35+00:00","dateModified":"2022-06-02T10:02:03+00:00","description":"G\u00e5r det att kombinera f\u00f6retagande med att ha sin drivkraft i sina v\u00e4rderingar? Det \u00e4r n\u00e5got som jag sj\u00e4lv h\u00e5ller p\u00e5 att utforska.","breadcrumb":{"@id":"https:\/\/www.stinajuliawebb.se\/varderingsdrivet-foretagande-gar-det\/#breadcrumb"},"inLanguage":"es","potentialAction":[{"@type":"ReadAction","target":["https:\/\/www.stinajuliawebb.se\/varderingsdrivet-foretagande-gar-det\/"]}]},{"@type":"BreadcrumbList","@id":"https:\/\/www.stinajuliawebb.se\/varderingsdrivet-foretagande-gar-det\/#breadcrumb","itemListElement":[{"@type":"ListItem","position":1,"name":"Hem","item":"https:\/\/www.stinajuliawebb.se\/"},{"@type":"ListItem","position":2,"name":"V\u00e4rderingsdrivet f\u00f6retagande &#8211; g\u00e5r det?"}]},{"@type":"WebSite","@id":"https:\/\/www.stinajuliawebb.se\/#website","url":"https:\/\/www.stinajuliawebb.se\/","name":"Stina Julia Webbdesign","description":"","publisher":{"@id":"https:\/\/www.stinajuliawebb.se\/#organization"},"potentialAction":[{"@type":"SearchAction","target":{"@type":"EntryPoint","urlTemplate":"https:\/\/www.stinajuliawebb.se\/?s={search_term_string}"},"query-input":"required name=search_term_string"}],"inLanguage":"es"},{"@type":"Organization","@id":"https:\/\/www.stinajuliawebb.se\/#organization","name":"Stina Julia Webbdesign","url":"https:\/\/www.stinajuliawebb.se\/","logo":{"@type":"ImageObject","inLanguage":"es","@id":"https:\/\/www.stinajuliawebb.se\/#\/schema\/logo\/image\/","url":"https:\/\/www.stinajuliawebb.se\/wp-content\/uploads\/2020\/08\/logga_stinajulia.png","contentUrl":"https:\/\/www.stinajuliawebb.se\/wp-content\/uploads\/2020\/08\/logga_stinajulia.png","width":243,"height":81,"caption":"Stina Julia Webbdesign"},"image":{"@id":"https:\/\/www.stinajuliawebb.se\/#\/schema\/logo\/image\/"}},{"@type":"Person","@id":"https:\/\/www.stinajuliawebb.se\/#\/schema\/person\/d9f026e084771a8e390fd5ae23d493fc","name":"stina","image":{"@type":"ImageObject","inLanguage":"es","@id":"https:\/\/www.stinajuliawebb.se\/#\/schema\/person\/image\/","url":"https:\/\/secure.gravatar.com\/avatar\/89c0940937dbc750eeb424e61a2848e78d8dcc0ff21237df33b75669d1fc47c6?s=96&d=mm&r=g","contentUrl":"https:\/\/secure.gravatar.com\/avatar\/89c0940937dbc750eeb424e61a2848e78d8dcc0ff21237df33b75669d1fc47c6?s=96&d=mm&r=g","caption":"stina"}}]}},"_links":{"self":[{"href":"https:\/\/www.stinajuliawebb.se\/es\/wp-json\/wp\/v2\/posts\/694","targetHints":{"allow":["GET"]}}],"collection":[{"href":"https:\/\/www.stinajuliawebb.se\/es\/wp-json\/wp\/v2\/posts"}],"about":[{"href":"https:\/\/www.stinajuliawebb.se\/es\/wp-json\/wp\/v2\/types\/post"}],"author":[{"embeddable":true,"href":"https:\/\/www.stinajuliawebb.se\/es\/wp-json\/wp\/v2\/users\/1"}],"replies":[{"embeddable":true,"href":"https:\/\/www.stinajuliawebb.se\/es\/wp-json\/wp\/v2\/comments?post=694"}],"version-history":[{"count":0,"href":"https:\/\/www.stinajuliawebb.se\/es\/wp-json\/wp\/v2\/posts\/694\/revisions"}],"wp:attachment":[{"href":"https:\/\/www.stinajuliawebb.se\/es\/wp-json\/wp\/v2\/media?parent=694"}],"wp:term":[{"taxonomy":"category","embeddable":true,"href":"https:\/\/www.stinajuliawebb.se\/es\/wp-json\/wp\/v2\/categories?post=694"},{"taxonomy":"post_tag","embeddable":true,"href":"https:\/\/www.stinajuliawebb.se\/es\/wp-json\/wp\/v2\/tags?post=694"}],"curies":[{"name":"wp","href":"https:\/\/api.w.org\/{rel}","templated":true}]}}